{"id":2715,"date":"2020-03-25T12:39:30","date_gmt":"2020-03-25T11:39:30","guid":{"rendered":"http:\/\/observatori.barcelonaturisme.com\/noticia\/de-39-anos-por-vacaciones-y-acompanado-de-la-pareja-asi-es-el-turista-del-destino-barcelona\/"},"modified":"2020-03-25T12:39:30","modified_gmt":"2020-03-25T11:39:30","slug":"de-39-anos-por-vacaciones-y-acompanado-de-la-pareja-asi-es-el-turista-del-destino-barcelona","status":"publish","type":"noticia","link":"https:\/\/observatoriturisme.barcelona\/es\/noticia\/de-39-anos-por-vacaciones-y-acompanado-de-la-pareja-asi-es-el-turista-del-destino-barcelona\/","title":{"rendered":"De 39 a\u00f1os, por vacaciones y acompa\u00f1ado de la pareja. As\u00ed es el turista del Destino Barcelona."},"content":{"rendered":"","protected":false},"author":9,"featured_media":706,"template":"","meta":{"_acf_changed":false},"categoria_news":[],"class_list":["post-2715","noticia","type-noticia","status-publish","has-post-thumbnail","hentry"],"acf":[],"_links":{"self":[{"href":"https:\/\/observatoriturisme.barcelona\/es\/wp-json\/wp\/v2\/noticia\/2715","targetHints":{"allow":["GET"]}}],"collection":[{"href":"https:\/\/observatoriturisme.barcelona\/es\/wp-json\/wp\/v2\/noticia"}],"about":[{"href":"https:\/\/observatoriturisme.barcelona\/es\/wp-json\/wp\/v2\/types\/noticia"}],"author":[{"embeddable":true,"href":"https:\/\/observatoriturisme.barcelona\/es\/wp-json\/wp\/v2\/users\/9"}],"wp:featuredmedia":[{"embeddable":true,"href":"https:\/\/observatoriturisme.barcelona\/es\/wp-json\/wp\/v2\/media\/706"}],"wp:attachment":[{"href":"https:\/\/observatoriturisme.barcelona\/es\/wp-json\/wp\/v2\/media?parent=2715"}],"wp:term":[{"taxonomy":"categoria_news","embeddable":true,"href":"https:\/\/observatoriturisme.barcelona\/es\/wp-json\/wp\/v2\/categoria_news?post=2715"}],"curies":[{"name":"wp","href":"https:\/\/api.w.org\/{rel}","templated":true}]}}