{"id":5683,"date":"2024-08-20T11:53:23","date_gmt":"2024-08-20T09:53:23","guid":{"rendered":"http:\/\/observatori.barcelonaturisme.com\/noticia\/manifesta-15-la-bienal-nomada-europea-arrancara-en-septiembre-la-destinacion-barcelona\/"},"modified":"2024-08-20T11:53:23","modified_gmt":"2024-08-20T09:53:23","slug":"manifesta-15-la-bienal-nomada-europea-arrancara-en-septiembre-la-destinacion-barcelona","status":"publish","type":"noticia","link":"https:\/\/observatoriturisme.barcelona\/es\/noticia\/manifesta-15-la-bienal-nomada-europea-arrancara-en-septiembre-la-destinacion-barcelona\/","title":{"rendered":"Manifesta 15, la Bienal N\u00f3mada Europea arrancar\u00e1 en septiembre a la Destinaci\u00f3n Barcelona"},"content":{"rendered":"","protected":false},"author":9,"featured_media":5684,"template":"","meta":{"_acf_changed":false},"categoria_news":[],"class_list":["post-5683","noticia","type-noticia","status-publish","has-post-thumbnail","hentry"],"acf":[],"_links":{"self":[{"href":"https:\/\/observatoriturisme.barcelona\/es\/wp-json\/wp\/v2\/noticia\/5683","targetHints":{"allow":["GET"]}}],"collection":[{"href":"https:\/\/observatoriturisme.barcelona\/es\/wp-json\/wp\/v2\/noticia"}],"about":[{"href":"https:\/\/observatoriturisme.barcelona\/es\/wp-json\/wp\/v2\/types\/noticia"}],"author":[{"embeddable":true,"href":"https:\/\/observatoriturisme.barcelona\/es\/wp-json\/wp\/v2\/users\/9"}],"wp:featuredmedia":[{"embeddable":true,"href":"https:\/\/observatoriturisme.barcelona\/es\/wp-json\/wp\/v2\/media\/5684"}],"wp:attachment":[{"href":"https:\/\/observatoriturisme.barcelona\/es\/wp-json\/wp\/v2\/media?parent=5683"}],"wp:term":[{"taxonomy":"categoria_news","embeddable":true,"href":"https:\/\/observatoriturisme.barcelona\/es\/wp-json\/wp\/v2\/categoria_news?post=5683"}],"curies":[{"name":"wp","href":"https:\/\/api.w.org\/{rel}","templated":true}]}}