{"id":9490,"date":"2025-10-28T11:45:00","date_gmt":"2025-10-28T10:45:00","guid":{"rendered":"https:\/\/observatoriturisme.barcelona\/?post_type=noticia&#038;p=9490"},"modified":"2025-10-28T12:32:55","modified_gmt":"2025-10-28T11:32:55","slug":"augmenta-el-nombre-de-reserves-pels-seguents-mesos-a-la-destinacio-barcelona-malgrat-la-disminucio-de-lanticipacio","status":"publish","type":"noticia","link":"https:\/\/observatoriturisme.barcelona\/es\/noticia\/augmenta-el-nombre-de-reserves-pels-seguents-mesos-a-la-destinacio-barcelona-malgrat-la-disminucio-de-lanticipacio\/","title":{"rendered":"Aumenta el n\u00famero de reservas hoteleras para los siguientes meses en el Destino Barcelona a pesar de la disminuci\u00f3n de la anticipaci\u00f3n"},"content":{"rendered":"","protected":false},"author":13,"featured_media":9485,"template":"","meta":{"_acf_changed":true},"categoria_news":[],"class_list":["post-9490","noticia","type-noticia","status-publish","has-post-thumbnail","hentry"],"acf":[],"_links":{"self":[{"href":"https:\/\/observatoriturisme.barcelona\/es\/wp-json\/wp\/v2\/noticia\/9490","targetHints":{"allow":["GET"]}}],"collection":[{"href":"https:\/\/observatoriturisme.barcelona\/es\/wp-json\/wp\/v2\/noticia"}],"about":[{"href":"https:\/\/observatoriturisme.barcelona\/es\/wp-json\/wp\/v2\/types\/noticia"}],"author":[{"embeddable":true,"href":"https:\/\/observatoriturisme.barcelona\/es\/wp-json\/wp\/v2\/users\/13"}],"wp:featuredmedia":[{"embeddable":true,"href":"https:\/\/observatoriturisme.barcelona\/es\/wp-json\/wp\/v2\/media\/9485"}],"wp:attachment":[{"href":"https:\/\/observatoriturisme.barcelona\/es\/wp-json\/wp\/v2\/media?parent=9490"}],"wp:term":[{"taxonomy":"categoria_news","embeddable":true,"href":"https:\/\/observatoriturisme.barcelona\/es\/wp-json\/wp\/v2\/categoria_news?post=9490"}],"curies":[{"name":"wp","href":"https:\/\/api.w.org\/{rel}","templated":true}]}}